[{"@context":"https:\/\/schema.org\/","@type":"Article","@id":"https:\/\/www.laodzan.cz\/nejen-pro-neaktivni-ridice\/#Article","mainEntityOfPage":"https:\/\/www.laodzan.cz\/nejen-pro-neaktivni-ridice\/","headline":"Nejen pro neaktivn\u00ed \u0159idi\u010de","name":"Nejen pro neaktivn\u00ed \u0159idi\u010de","description":"Jste \u0159idi\u010d a pot\u0159ebujete doplnit svoje \u0159idi\u010dsk\u00e9 opr\u00e1vn\u011bn\u00ed, \u010di z\u00edskat profesn\u00ed pr\u016fkaz \u0159idi\u010de? M\u00e1te z\u00e1jem i o pot\u0159ebn\u00e9 dopravn\u011b psychologick\u00e9 vy\u0161et\u0159en\u00ed? Auto\u0161kola nen\u00ed jen pro za\u010d\u00ednaj\u00edc\u00ed \u0159idi\u010de, ale pr\u00e1v\u011b i pro \u0159idi\u010de profesion\u00e1ly, kte\u0159\u00ed se cht\u011bj\u00ed ve sv\u00e9 profesi zdokonalit a \u0159\u00edzen\u00ed je jejich \u017eivobyt\u00edm. V\u0161echny pot\u0159ebn\u00e9 z\u00e1le\u017eitosti s v\u00e1mi vy\u0159e\u0161\u00ed t\u00fdm profesion\u00e1l\u016f, kte\u0159\u00ed v\u00e1m...","datePublished":"2025-08-22","dateModified":"2025-08-22","author":{"@type":"Person","@id":"https:\/\/www.laodzan.cz\/author\/#Person","name":"","url":"https:\/\/www.laodzan.cz\/author\/","identifier":1,"image":{"@type":"ImageObject","@id":"https:\/\/secure.gravatar.com\/avatar\/15c4177f6d86975c976af12ba80b10af7add2f97f8786f8cf1596253472c0ea7?s=96&d=mm&r=g","url":"https:\/\/secure.gravatar.com\/avatar\/15c4177f6d86975c976af12ba80b10af7add2f97f8786f8cf1596253472c0ea7?s=96&d=mm&r=g","height":96,"width":96}},"publisher":{"@type":"Organization","name":"laodzan.cz","logo":{"@type":"ImageObject","@id":"\/logo.png","url":"\/logo.png","width":600,"height":60}},"url":"https:\/\/www.laodzan.cz\/nejen-pro-neaktivni-ridice\/","wordCount":188,"articleBody":"Jste \u0159idi\u010d a pot\u0159ebujete doplnit svoje \u0159idi\u010dsk\u00e9 opr\u00e1vn\u011bn\u00ed, \u010di z\u00edskat profesn\u00ed pr\u016fkaz \u0159idi\u010de? M\u00e1te z\u00e1jem i o pot\u0159ebn\u00e9 dopravn\u011b psychologick\u00e9 vy\u0161et\u0159en\u00ed? Auto\u0161kola nen\u00ed jen pro za\u010d\u00ednaj\u00edc\u00ed \u0159idi\u010de, ale pr\u00e1v\u011b i pro \u0159idi\u010de profesion\u00e1ly, kte\u0159\u00ed se cht\u011bj\u00ed ve sv\u00e9 profesi zdokonalit a \u0159\u00edzen\u00ed je jejich \u017eivobyt\u00edm. V\u0161echny pot\u0159ebn\u00e9 z\u00e1le\u017eitosti s v\u00e1mi vy\u0159e\u0161\u00ed t\u00fdm profesion\u00e1l\u016f, kte\u0159\u00ed v\u00e1m se v\u0161\u00edm porad\u00ed a pom\u016f\u017eou. S klidem a trp\u011blivost\u00ed k \u0159idi\u010dsk\u00e9mu opr\u00e1vn\u011bn\u00ed Nejste \u0159idi\u010d a nikdy jste nedr\u017eel v rukou volant? M\u00e1te z\u00e1jem tuto situaci zm\u011bnit? Potom je pro v\u00e1s p\u0159ipravena profesion\u00e1ln\u00ed auto\u0161kola, ve kter\u00e9 na v\u00e1s \u010dek\u00e1 t\u00fdm trp\u011bliv\u00fdch lektor\u016f, kte\u0159\u00ed v\u00e1s t\u00edmto sv\u011btem r\u00e1di provedou a ud\u011blaj\u00ed z v\u00e1s uk\u00e1zn\u011bn\u00e9ho \u0159idi\u010de. Pokud u\u017e \u0159idi\u010dsk\u00e9 opr\u00e1vn\u011bn\u00ed m\u00e1te a pot\u0159ebujete jen doplnit skupiny, jste rovn\u011b\u017e na spr\u00e1vn\u00e9 adrese.                                                                                                                                                                                                                                                                                                                                                                                                "},{"@context":"https:\/\/schema.org\/","@type":"BreadcrumbList","itemListElement":[{"@type":"ListItem","position":1,"name":"Nejen pro neaktivn\u00ed \u0159idi\u010de","item":"https:\/\/www.laodzan.cz\/nejen-pro-neaktivni-ridice\/#breadcrumbitem"}]}]