[{"@context":"https:\/\/schema.org\/","@type":"Article","@id":"https:\/\/www.laodzan.cz\/neco-o-mne\/#Article","mainEntityOfPage":"https:\/\/www.laodzan.cz\/neco-o-mne\/","headline":"N\u011bco o mn\u011b","name":"N\u011bco o mn\u011b","description":"N\u011bkolik p\u00e1r slov o mn\u011b Adelvomack.com: Jmenuji se Ad\u00e9la Vom\u00e1\u010dkov\u00e1, narodila jsem se 16.4.1988 v Praze. -Mezi lety 2004 a 2008 jsem studovala na SP\u0160G Hellichova v Praze, obor polygrafie -Od roku 2008 do roku 2010 v Praze na COPT, obor zlatn\u00edk, klenotn\u00edk -2012- 2015 na Fakult\u011b designu a um\u011bn\u00ed Ladislava Sutnara, obor design kovu...","datePublished":"2021-11-19","dateModified":"2023-06-02","author":{"@type":"Person","@id":"https:\/\/www.laodzan.cz\/author\/#Person","name":"","url":"https:\/\/www.laodzan.cz\/author\/","identifier":1,"image":{"@type":"ImageObject","@id":"https:\/\/secure.gravatar.com\/avatar\/15c4177f6d86975c976af12ba80b10af7add2f97f8786f8cf1596253472c0ea7?s=96&d=mm&r=g","url":"https:\/\/secure.gravatar.com\/avatar\/15c4177f6d86975c976af12ba80b10af7add2f97f8786f8cf1596253472c0ea7?s=96&d=mm&r=g","height":96,"width":96}},"publisher":{"@type":"Organization","name":"laodzan.cz","logo":{"@type":"ImageObject","@id":"\/logo.png","url":"\/logo.png","width":600,"height":60}},"image":{"@type":"ImageObject","@id":"https:\/\/www.laodzan.cz\/wp-content\/uploads\/pexels-maria-buloczka-10770945.jpg","url":"https:\/\/www.laodzan.cz\/wp-content\/uploads\/pexels-maria-buloczka-10770945.jpg","height":0,"width":0},"url":"https:\/\/www.laodzan.cz\/neco-o-mne\/","about":["Zbo\u017e\u00ed"],"wordCount":430,"articleBody":"        N\u011bkolik p\u00e1r slov o mn\u011b Adelvomack.com: Jmenuji se Ad\u00e9la Vom\u00e1\u010dkov\u00e1, narodila jsem se 16.4.1988 v Praze. -Mezi lety 2004 a 2008 jsem studovala na SP\u0160G Hellichova v Praze, obor polygrafie -Od roku 2008 do roku 2010 v Praze na COPT, obor zlatn\u00edk, klenotn\u00edk -2012- 2015 na Fakult\u011b designu a um\u011bn\u00ed Ladislava Sutnara, obor design kovu a \u0161perku -2014- 2015 v Barcelon\u011b, na \u0161kole Escola Superior de Disseny i Art Llotja, obor design \u0161perku \u0160perka\u0159stv\u00ed mne zaj\u00edm\u00e1 ji\u017e spoustu let a toto \u0159emeslo je mou sou\u010d\u00e1st\u00ed, nese velkou \u010d\u00e1st moj\u00ed du\u0161e a je v n\u011bm obsa\u017eena m\u00e1 celo\u017eivotn\u00ed filozofie spo\u010d\u00edvaj\u00edc\u00ed v hled\u00e1n\u00ed odpov\u011bd\u00ed na odv\u011bk\u00e9 ot\u00e1zky. Kdo jsme, odkud p\u0159ich\u00e1z\u00edme a kam jdeme..?  \u0160perky a r\u016fzn\u00e9 ozdoby prov\u00e1z\u00ed lidskou kulturu od po\u010d\u00e1tku v\u011bk\u016f a nen\u00ed divu- ten spr\u00e1vn\u00fd a personalizovan\u00fd prsten \u010di n\u00e1hrdeln\u00edk dok\u00e1\u017ee vyzdvihnout Va\u0161e p\u0159ednosti a z\u00e1\u0159\u00ed energi\u00ed p\u0159\u00edmo ze srdce. Takov\u00fd \u0161perk ale jen t\u011b\u017eko nalezneme v obchod\u011b, kde v\u00fdrobce se z\u00e1kazn\u00edkem nem\u00e1 \u017e\u00e1dn\u00fd styk a produkty jsou jen slep\u011b pos\u00edl\u00e1ny do sv\u011bta. Sv\u00e9 \u0161perky vn\u00edm\u00e1m jako atributy nesouc\u00ed v sob\u011b hlubokou pravdu a pozn\u00e1n\u00ed, a\u0165 u\u017e se jedn\u00e1 o m\u00e9 vlastn\u00ed zku\u0161enosti o sv\u011bt\u011b, post\u0159ehy ze sv\u011bta p\u0159\u00edrody, lekce posb\u00edran\u00e9 b\u011bhem let, nebo m\u00e9 hled\u00e1n\u00ed a bloum\u00e1n\u00ed du\u0161\u00ed klienta, kter\u00fd si ode m\u011b nech\u00e1 vyrobit \u0161perk na zak\u00e1zku. Ned\u00edv\u00e1m se na n\u011b jen jako na ozdobu, mus\u00ed vyjad\u0159ovat informace do nich vlo\u017een\u00e9 p\u0159em\u00fd\u0161len\u00edm a prac\u00ed na nich, jinak je to jen pr\u00e1zdn\u00fd shluk materi\u00e1l\u016f.Tomu se sna\u017e\u00edm vyhnout a proces v\u00fdroby ka\u017ed\u00e9ho \u0161perku vn\u00edm\u00e1m jako ritu\u00e1l, zamyk\u00e1m do n\u011bj p\u0159\u00edb\u011bh z\u00e1kazn\u00edka a sv\u016fj mal\u00fd p\u0159\u00edsp\u011bvek, a tak je mi milej\u0161\u00ed osobn\u00ed setk\u00e1n\u00ed, kdy se nask\u00fdt\u00e1 mo\u017enost si popov\u00eddat, poznat se, nahl\u00e9dnout si navz\u00e1jem do du\u0161e. Takov\u00e1 pr\u00e1ce je pro m\u011b napl\u0148uj\u00edc\u00ed a d\u00e1v\u00e1 mi skute\u010dn\u00fd smysl. Cht\u011bli byste podobn\u00fd kousek, kter\u00fd bude vyjad\u0159ovat V\u00e1s samotn\u00e9 a sd\u00edlet s V\u00e1mi v\u0161echny p\u011bkn\u00e9 i t\u011b\u017ek\u00e9 chv\u00edle, proto\u017ee bude jen V\u00e1\u0161? Nev\u00e1hejte mi napsat nebo zavolat, r\u00e1da V\u00e1s vyslechnu a ozdob\u00edm n\u011b\u010d\u00edm jedine\u010dn\u00fdm.                                                                                                                                                                                                                                                                                                                                                                                           4.5\/5 - (11 votes)        "},{"@context":"https:\/\/schema.org\/","@type":"BreadcrumbList","itemListElement":[{"@type":"ListItem","position":1,"name":"N\u011bco o mn\u011b","item":"https:\/\/www.laodzan.cz\/neco-o-mne\/#breadcrumbitem"}]}]