[{"@context":"https:\/\/schema.org\/","@type":"Article","@id":"https:\/\/www.laodzan.cz\/mame-radi-zvirata\/#Article","mainEntityOfPage":"https:\/\/www.laodzan.cz\/mame-radi-zvirata\/","headline":"M\u00e1me r\u00e1di zv\u00ed\u0159ata","name":"M\u00e1me r\u00e1di zv\u00ed\u0159ata","description":"Nejsp\u00ed\u0161 ka\u017ed\u00fd \u010dlov\u011bk na sv\u011bt\u011b mi potvrd\u00ed, \u017ee m\u00e1 r\u00e1d zv\u00ed\u0159ata. Aspo\u0148 tro\u0161i\u010dku. A snad nikdo ne\u0159ekne, \u017ee zv\u00ed\u0159ata nesn\u00e1\u0161\u00ed nebo dokonce nen\u00e1vid\u00ed, i ten v\u017edycky najde aspo\u0148 n\u011bjakou v\u00fdjimku. Ale kdy\u017e se nad t\u00edm zamysl\u00edme, zjist\u00edme, \u017ee sice m\u00e1me r\u00e1di zv\u00ed\u0159ata jako celek, ale p\u0159ece jenom ne ka\u017ed\u00e9 z\u00a0nich stejn\u011b. N\u011bkter\u00e1 ze zv\u00ed\u0159at milujeme,...","datePublished":"2022-07-04","dateModified":"2023-06-02","author":{"@type":"Person","@id":"https:\/\/www.laodzan.cz\/author\/#Person","name":"","url":"https:\/\/www.laodzan.cz\/author\/","identifier":1,"image":{"@type":"ImageObject","@id":"https:\/\/secure.gravatar.com\/avatar\/15c4177f6d86975c976af12ba80b10af7add2f97f8786f8cf1596253472c0ea7?s=96&d=mm&r=g","url":"https:\/\/secure.gravatar.com\/avatar\/15c4177f6d86975c976af12ba80b10af7add2f97f8786f8cf1596253472c0ea7?s=96&d=mm&r=g","height":96,"width":96}},"publisher":{"@type":"Organization","name":"laodzan.cz","logo":{"@type":"ImageObject","@id":"\/logo.png","url":"\/logo.png","width":600,"height":60}},"image":{"@type":"ImageObject","@id":"https:\/\/www.laodzan.cz\/wp-content\/uploads\/zv%C3%AD%C5%99e1_1.jpg","url":"https:\/\/www.laodzan.cz\/wp-content\/uploads\/zv%C3%AD%C5%99e1_1.jpg","height":0,"width":0},"url":"https:\/\/www.laodzan.cz\/mame-radi-zvirata\/","about":["Zv\u00ed\u0159ata"],"wordCount":464,"articleBody":"Nejsp\u00ed\u0161 ka\u017ed\u00fd \u010dlov\u011bk na sv\u011bt\u011b mi potvrd\u00ed, \u017ee m\u00e1 r\u00e1d zv\u00ed\u0159ata. Aspo\u0148 tro\u0161i\u010dku. A snad nikdo ne\u0159ekne, \u017ee zv\u00ed\u0159ata nesn\u00e1\u0161\u00ed nebo dokonce nen\u00e1vid\u00ed, i ten v\u017edycky najde aspo\u0148 n\u011bjakou v\u00fdjimku. Ale kdy\u017e se nad t\u00edm zamysl\u00edme, zjist\u00edme, \u017ee sice m\u00e1me r\u00e1di zv\u00ed\u0159ata jako celek, ale p\u0159ece jenom ne ka\u017ed\u00e9 z\u00a0nich stejn\u011b. N\u011bkter\u00e1 ze zv\u00ed\u0159at milujeme, n\u011bkter\u00e1 m\u00e1me r\u00e1di, n\u011bkter\u00e1 sn\u00e1\u0161\u00edme, n\u011bkter\u00e1 m\u00edt nemus\u00edme a proti n\u011bkter\u00fdm m\u00e1me p\u0159ece jenom v\u00fdhrady nebo dokonce averzi.Zkr\u00e1tka nem\u00e1me v\u0161echna zv\u00ed\u0159ata stejn\u011b r\u00e1di. A mo\u017en\u00e1 u v\u011bt\u0161iny z\u00a0n\u00e1s se najde i aspo\u0148 jeden neobl\u00edben\u00fd exempl\u00e1\u0159. A asi to tak mus\u00ed b\u00fdt. R\u016fzn\u00ed tvorov\u00e9 r\u016fzn\u011b vypadaj\u00ed a r\u016fzn\u011b se chovaj\u00ed, a tak se nen\u00ed co divit tomu, \u017ee n\u00e1m n\u011bco p\u0159ipad\u00e1 kr\u00e1sn\u00e9 a p\u0159\u00edtuln\u00e9, ale jin\u00e9 odpudiv\u00e9.N\u011bkdo z\u00a0n\u00e1s t\u0159eba miluje v\u010deli\u010dky u\u017e od doby, kdy si zamiloval v\u010delku M\u00e1ju. Post\u00e1v\u00e1 pod kvetouc\u00edmi stromy nebo u z\u00e1hon\u016f nebo na louce a poslouch\u00e1 uklid\u0148uj\u00edc\u00ed bzu\u010den\u00ed, zat\u00edmco n\u011bkdo jin\u00fd u\u017e p\u0159i prvn\u00edm zabzu\u010den\u00ed ut\u00edk\u00e1, t\u0159eba alergik.\u00a0N\u011bkdo je kamar\u00e1d snad s\u00a0ka\u017ed\u00fdm psem, ale ten, koho n\u011bkdy n\u011bjak\u00e9 psisko pokousalo, je mo\u017en\u00e1 u\u017e nav\u017edycky odta\u017eit\u00fd nebo se ps\u016f p\u0159\u00edmo stran\u00edc\u00ed.\u00a0N\u011bkdo chov\u00e1 pavouky a jin\u00fd na n\u011b nesnese ani pohled, n\u011bkdo ryby lov\u00ed a jin\u00fd se \u0161t\u00edt\u00ed i jenom doteku jejich slizk\u00e9ho t\u011bla.A p\u0159izn\u00e1v\u00e1m, \u017ee i j\u00e1 m\u00e1me mezi zv\u00ed\u0159aty svoje favority i ta, co nemus\u00edm. Asi jako ka\u017ed\u00fd. Ale p\u0159esto \u0159\u00edk\u00e1m, \u017ee m\u00e1m r\u00e1da zv\u00ed\u0159ata. Proto\u017ee je r\u00e1da jednodu\u0161e m\u00e1m. V\u0161echna jako celek. M\u00e1m je r\u00e1da, kdy\u017e se s\u00a0nimi m\u016f\u017eu pomazlit a kdy\u017e maj\u00ed hebkou srst. Co\u017e spousta z\u00a0v\u00e1s, milovn\u00edk\u016f ps\u016f a ko\u010dek, ur\u010dit\u011b ch\u00e1pe. A jsem sm\u00ed\u0159en\u00e1 s\u00a0t\u00edm, \u017ee v\u00a0tom nebudu nikdy pochopen\u00e1 t\u011bmi, kter\u00e9 pokousal pes nebo kte\u0159\u00ed si honem b\u011b\u017e\u00ed vz\u00edt pr\u00e1\u0161ek, aby se kv\u016fli oby\u010dejn\u00e9 srsti neza\u010dali t\u0159eba dusit. A nemus\u00edm m\u00edt v\u011bt\u0161inu t\u011bch mal\u00fdch lezouc\u00edch pi\u0161i\u0161vor\u016f, nebo n\u011bco jin\u00e9ho v\u00edce ne\u017e \u010dty\u0159noh\u00e9ho, co po mn\u011b m\u016f\u017ee n\u011bkde l\u00e9zt. I kdy\u017e to nekou\u0161e.                                                                                                                                                                                                                                                                                                                                                                                        4.6\/5 - (9 votes)        "},{"@context":"https:\/\/schema.org\/","@type":"BreadcrumbList","itemListElement":[{"@type":"ListItem","position":1,"name":"M\u00e1me r\u00e1di zv\u00ed\u0159ata","item":"https:\/\/www.laodzan.cz\/mame-radi-zvirata\/#breadcrumbitem"}]}]