[{"@context":"https:\/\/schema.org\/","@type":"Article","@id":"https:\/\/www.laodzan.cz\/krasne-vlasy-muzete-mit-i-vy\/#Article","mainEntityOfPage":"https:\/\/www.laodzan.cz\/krasne-vlasy-muzete-mit-i-vy\/","headline":"Kr\u00e1sn\u00e9 vlasy, m\u016f\u017eete m\u00edt i vy","name":"Kr\u00e1sn\u00e9 vlasy, m\u016f\u017eete m\u00edt i vy","description":"&#13; F\u00e9nov\u00e1n\u00ed, slun\u00ed\u010dko, mr\u00e1z i v\u00edtr vlas\u016fm neprosp\u00edvaj\u00ed. A pokud den, co den pou\u017e\u00edv\u00e1te stylingov\u00e9 p\u0159\u00edpravky, nen\u00ed to tak\u00e9 ide\u00e1ln\u00ed. Co naplat jsou prost\u011b v\u011bci, bez kter\u00fdch se neobejdeme a bez pomoci f\u00e9nu nebo tu\u017eidla bychom vypadali neupraven\u011b. &#13; &#13; Vlasov\u00fd z\u00e1bal je skv\u011bl\u00e9 \u0159e\u0161en\u00ed, jak si zajistit kr\u00e1snou k\u0161tici. M\u016f\u017eeme vyu\u017e\u00edt n\u011bjak\u00fd dom\u00e1c\u00ed recept...","datePublished":"2023-06-02","dateModified":"2023-06-02","author":{"@type":"Person","@id":"https:\/\/www.laodzan.cz\/author\/#Person","name":"","url":"https:\/\/www.laodzan.cz\/author\/","identifier":1,"image":{"@type":"ImageObject","@id":"https:\/\/secure.gravatar.com\/avatar\/15c4177f6d86975c976af12ba80b10af7add2f97f8786f8cf1596253472c0ea7?s=96&d=mm&r=g","url":"https:\/\/secure.gravatar.com\/avatar\/15c4177f6d86975c976af12ba80b10af7add2f97f8786f8cf1596253472c0ea7?s=96&d=mm&r=g","height":96,"width":96}},"publisher":{"@type":"Organization","name":"laodzan.cz","logo":{"@type":"ImageObject","@id":"\/logo.png","url":"\/logo.png","width":600,"height":60}},"image":{"@type":"ImageObject","@id":"https:\/\/www.laodzan.cz\/wp-content\/uploads\/img_a301363_w2386_t1511434850.jpg","url":"https:\/\/www.laodzan.cz\/wp-content\/uploads\/img_a301363_w2386_t1511434850.jpg","height":0,"width":0},"url":"https:\/\/www.laodzan.cz\/krasne-vlasy-muzete-mit-i-vy\/","wordCount":430,"articleBody":"&#13; F\u00e9nov\u00e1n\u00ed, slun\u00ed\u010dko, mr\u00e1z i v\u00edtr vlas\u016fm neprosp\u00edvaj\u00ed. A pokud den, co den pou\u017e\u00edv\u00e1te stylingov\u00e9 p\u0159\u00edpravky, nen\u00ed to tak\u00e9 ide\u00e1ln\u00ed. Co naplat jsou prost\u011b v\u011bci, bez kter\u00fdch se neobejdeme a bez pomoci f\u00e9nu nebo tu\u017eidla bychom vypadali neupraven\u011b.&#13; &#13; Vlasov\u00fd z\u00e1bal je skv\u011bl\u00e9 \u0159e\u0161en\u00ed, jak si zajistit kr\u00e1snou k\u0161tici. M\u016f\u017eeme vyu\u017e\u00edt n\u011bjak\u00fd dom\u00e1c\u00ed recept ve kter\u00e9m m\u016f\u017eeme vyu\u017e\u00edt olivov\u00fd olej nebo majon\u00e9zu. Kupovan\u00e9 p\u0159\u00edpravky jsou v\u0161ak o n\u011bco prakti\u010dt\u011bj\u0161\u00ed a v\u017edy p\u0159ipraven\u00e9.&#13; &#13; &#13; Barven\u00e9 vlasy nejsou probl\u00e9m&#13; &#13; I na barven\u00e9 vlasy je pamatov\u00e1no a m\u016f\u017eeme je o\u0161et\u0159it n\u011bkter\u00fdmi p\u0159\u00edpravky pro tento typ vlas\u016f. Sv\u011b\u0159it se v\u0161ak m\u016f\u017eeme i do rukou profesion\u00e1la. Slu\u017eby kade\u0159nice m\u016f\u017eeme vyu\u017e\u00edt kv\u016fli barven\u00ed, st\u0159\u00edh\u00e1n\u00ed nebo tvorb\u011b spole\u010densk\u00e9ho \u00fa\u010desu ale i pr\u00e1v\u011b na regenera\u010dn\u00ed z\u00e1bal kter\u00fd m\u016f\u017ee b\u00fdt nap\u0159\u00edklad sou\u010d\u00e1st\u00ed \u00fapravy vlas\u016f.&#13; &#13; Je nutn\u00e9 zm\u00ednit \u017ee v zimn\u00edch m\u011bs\u00edc\u00edch je vhodn\u00e9 pou\u017e\u00edvat pokr\u00fdvky hlavy, proto\u017ee t\u00edm chr\u00e1n\u00edte sv\u00e9 vlasy p\u0159ed vysu\u0161uj\u00edc\u00edmi \u00fa\u010dinky mrazu. Ale i v letn\u00edm obdob\u00ed je vhodn\u00e9 nosit klobouk, proto\u017ee t\u00edm op\u011bt chr\u00e1n\u00edme sv\u00e9 vlasy p\u0159ed negativn\u00edmi \u00fa\u010dinky slune\u010dn\u00edho z\u00e1\u0159en\u00ed.&#13; &#13; Balz\u00e1m je samoz\u0159ejmost&#13; &#13; Balz\u00e1m neboli kondicion\u00e9r na vlasy by m\u011bl b\u00fdt br\u00e1n jako samoz\u0159ejm\u00e1 z\u00e1le\u017eitost. Po umyt\u00ed \u0161amponem je toti\u017e nutn\u00e9 vlasy uhladit a zacelit. Mezi argumenty, pro\u010d vyu\u017e\u00edt balz\u00e1my na vlasy je fakt, \u017ee mnoho z nich m\u00e1 antistatick\u00e9 \u00fa\u010dinky, \u010d\u00edm\u017e zabr\u00e1n\u00ed nep\u0159\u00edjemn\u00e9mu poletov\u00e1n\u00ed vlas\u016f p\u0159i svle\u010den\u00ed svetru. Vyb\u00edrat m\u016f\u017eeme z mnoha typ\u016f p\u0159\u00edpravk\u016f, pro such\u00e9, poni\u010den\u00e9 i barevn\u00e9 vlasy. Je mnoho p\u0159\u00edpravk\u016f nap\u0159\u00edklad:&#13; &#13; &#13; &#13; &#13; &#13; Pokud vyu\u017e\u00edv\u00e1te \u017eehli\u010dky na vlasy, je vhodn\u00e9 pou\u017e\u00edt stylingov\u00e9 p\u0159\u00edpravky, kter\u00e9 chr\u00e1n\u00ed vlasy p\u0159ed teplem.&#13; &#13; Pokud vlas\u016fm budete v\u011bnovat n\u00e1le\u017eitou p\u00e9\u010di jist\u011b se to projev\u00ed na jejich vzhledu. Pravideln\u00e1 n\u00e1v\u0161t\u011bva kade\u0159nick\u00e9ho salonu je nutnost, pokud trp\u00edte na rozt\u0159epen\u00e9 kone\u010dky. Rozt\u0159epen\u00e9 kone\u010dky vlas\u016fm neslu\u0161\u00ed a je d\u016fle\u017eit\u00e9 jednou za dva m\u011bs\u00edce nechat vlasy zast\u0159ihnout, jedin\u011b tak budou vlasy vypadat zdrav\u011b.&#13;                                                                                                                                                                                                                                                                                                                                                                                         4.5\/5 - (15 votes)        "},{"@context":"https:\/\/schema.org\/","@type":"BreadcrumbList","itemListElement":[{"@type":"ListItem","position":1,"name":"Kr\u00e1sn\u00e9 vlasy, m\u016f\u017eete m\u00edt i vy","item":"https:\/\/www.laodzan.cz\/krasne-vlasy-muzete-mit-i-vy\/#breadcrumbitem"}]}]